{"id":3342,"date":"2010-06-17T12:00:00","date_gmt":"2010-06-17T12:00:00","guid":{"rendered":"http:\/\/www.uclg-digitalcities.org\/?p=3342"},"modified":"2015-07-08T12:52:15","modified_gmt":"2015-07-08T12:52:15","slug":"cidades-digitais-um-mercado-promissor","status":"publish","type":"post","link":"https:\/\/uclg-digitalcities.org\/fr\/cidades-digitais-um-mercado-promissor\/","title":{"rendered":"Cidades digitais, um mercado promissor"},"content":{"rendered":"<p style=\"text-align: justify;\"><em>Aos poucos, v\u00e1rios prefeitos est\u00e3o se interessando em usar a TI para melhorar a gest\u00e3o de munic\u00edpios e a presta\u00e7\u00e3o de servi\u00e7os \u00e0 popula\u00e7\u00e3o<\/em><\/p>\n<p style=\"text-align: justify;\">A tecnologia da informa\u00e7\u00e3o tem um novo papel a cumprir no mundo. Ap\u00f3s impulsionar o trabalho de cientistas, renovar os neg\u00f3cios de empresas e, recentemente, mostrar seu valor social e colaborativo, \u00e9 hora de ajudar as cidades ao redor do mundo a entrarem no novo s\u00e9culo, de uma forma moderna e conectada. Estamos ainda vivendo o embri\u00e3o desse movimento que conta com boas perspectivas, mas h\u00e1 quem o imagine como uma renova\u00e7\u00e3o sem precedentes da gest\u00e3o p\u00fablica, com a consolida\u00e7\u00e3o de todas as teorias sobre sociedade da informa\u00e7\u00e3o e at\u00e9 mesmo um novo aquecimento de mercado compar\u00e1vel ao Bug do ano 2000.<\/p>\n<p style=\"text-align: justify;\">Esse fen\u00f4meno &#8211; e mesmo sua defini\u00e7\u00e3o de espectro &#8211; ainda est\u00e1 indefinido. O termo mais usado \u00e9 cidades digitais. Mas, h\u00e1 quem utilize cidades inteligentes e e-cities. A diferen\u00e7a est\u00e1 no tamanho da revolu\u00e7\u00e3o que a tecnologia proporciona e na abrang\u00eancia da estrat\u00e9gia do gestor p\u00fablico. Essencialmente, trata-se de uma comunidade capaz de se relacionar por meio de infraestrutura de banda larga confi\u00e1vel, com servi\u00e7os inovadores aos cidad\u00e3os, que consegue equalizar desenvolvimento com educa\u00e7\u00e3o e ainda tem agilidade para se modernizar ainda mais. Ou seja, estamos falando de uma \u00f3tima cidade para se viver nesses tempos de celulares, Internet e comunica\u00e7\u00e3o digitalizada.<br \/>\nNo Brasil, o movimento de cidades digitais \u00e9 consistente, embora n\u00e3o se saiba quantos dos 5.564 munic\u00edpios brasileiros podem ser enquadrados nessa nova onda. Existem entre 50 e 60 casos conhecidos. Acredita-se que existam ainda mais regi\u00f5es capazes de entrar nessa lista. H\u00e1 muitas prefeituras que se entusiasmaram com o conceito e est\u00e3o procurando empresas que possam ajud\u00e1-las a entrar nesse novo mundo conectado.<\/p>\n<p style=\"text-align: justify;\">\u00ab\u00a0Estamos com 30 projetos de cidades do Piau\u00ed que querem se tornar digitais\u00a0\u00bb, aponta o diretor t\u00e9cnico da Safetway, uma revenda Motorola situada em Teresina, Reginaldo Marreiros. A maioria deve vingar nos pr\u00f3ximos meses. Os prefeitos ficaram interessados depois que Parna\u00edba, situado no litoral do Estado e com 150 mil habitantes, implementou o programa de cidade digital.<\/p>\n<p style=\"text-align: justify;\">O munic\u00edpio \u00e9 o segundo mais populoso do Estado e, historicamente, tem a economia dependente da extra\u00e7\u00e3o de recursos naturais e de algumas ind\u00fastrias de alimentos e perfumaria. Contudo, as belas paisagens t\u00eam elevado o interesse tur\u00edstico na regi\u00e3o, e a presen\u00e7a de uma universidade estadual, uma federal e v\u00e1rias faculdades tem transformado a cidade em p\u00f3lo educacional. Assim, com a economia em transforma\u00e7\u00e3o, o munic\u00edpio precisou se modernizar.<\/p>\n<p style=\"text-align: justify;\">O primeiro passo da digitaliza\u00e7\u00e3o de Parna\u00edba foi a implementa\u00e7\u00e3o de uma infraestrutura de banda larga wireless para interligar os pr\u00e9dios p\u00fablicos, servi\u00e7os de atendimento e sistemas de sa\u00fade e seguran\u00e7a. Ap\u00f3s a finaliza\u00e7\u00e3o desse processo, mais de 100 escolas receberam conex\u00e3o \u00e0 internet, para uso dos alunos em sala de aula e tamb\u00e9m para o aperfei\u00e7oamento dos professores e a melhora na troca de dados entre os \u00f3rg\u00e3os educacionais. \u00ab\u00a0Tivemos de montar uma estrutura sem fio porque n\u00e3o havia banda larga cabeada confi\u00e1vel, o \u00fanico servi\u00e7o existente fornecia apenas 300Kbps\u00a0\u00bb, explica Marreiros.<\/p>\n<p style=\"text-align: justify;\">O projeto foi realizado com plataforma de banda larga sem fio da Motorola, que criou um backbone de internet em uma \u00e1rea de 16 quil\u00f4metros em torno de uma torre central. A conex\u00e3o foi posteriormente expandida com uma rede WLAN (Wireless Local Area Network), que utiliza portas de acesso e switches sem fio distribu\u00eddos por sete pontos remotos. Com isso, o acesso ficou garantido para a popula\u00e7\u00e3o e turistas em v\u00e1rios pontos, como o Aeroporto Internacional Jo\u00e3o Silva Filho, Terminal Rodovi\u00e1rio Interestadual, Pra\u00e7a de Eventos, Universidades Federal e Estadual do Piau\u00ed, Centro Federal de Educa\u00e7\u00e3o Tecnol\u00f3gica (Cefet) e Porto das Barcas.<\/p>\n<p style=\"text-align: justify;\">A segunda fase prev\u00ea a instala\u00e7\u00e3o de c\u00e2meras de vigil\u00e2ncia que transmitir\u00e3o as imagens para uma central da Guarda Civil Municipal. Al\u00e9m disso, est\u00e1 prevista a conex\u00e3o de todo o sistema p\u00fablico de sa\u00fade \u00e0 rede, o que favorecer\u00e1 a popula\u00e7\u00e3o no agendamento de consultas e no levantamento de hist\u00f3rico cl\u00ednico dos pacientes. O projeto tamb\u00e9m prev\u00ea o desenvolvimento de bibliotecas virtuais nas institui\u00e7\u00f5es de ensino, al\u00e9m da cria\u00e7\u00e3o de telecentros.<\/p>\n<p style=\"text-align: justify;\"><strong>Primeiros passos no mundo digital<\/strong><\/p>\n<p style=\"text-align: justify;\">Em geral, esse tem sido o caminho adotado por prefeituras que querem se tornar cidades digitais. \u00ab\u00a0Antes de tudo, elas querem uma banda larga confi\u00e1vel para interligar as entidades operacionais p\u00fablicas e melhorar a troca de informa\u00e7\u00f5es e a gest\u00e3o\u00a0\u00bb, destaca o gerente da \u00e1rea de Governo e Empresas da Motorola, Joeval Martins.<\/p>\n<p style=\"text-align: justify;\">Posteriormente, ganham prioridade os planos de inclus\u00e3o digital e melhoria do sistema educacional. Em uma terceira etapa, come\u00e7am a surgir novos servi\u00e7os \u00e0 popula\u00e7\u00e3o. Tudo isso dentro de um ambiente digital. \u00ab\u00a0Com o tempo, os prefeitos entendem que a rede \u00e9 apenas um meio e come\u00e7am a inovar\u00a0\u00bb, diz Martins.<\/p>\n<p style=\"text-align: justify;\">O projeto de Parna\u00edba foi inspirado pelo pioneirismo de Maca\u00e9 (RJ), considerada por muitos a cidade mais digitalizada do Brasil. Neste munic\u00edpio carioca, que tem se desenvolvido devido \u00e0 ind\u00fastria do petr\u00f3leo e possui cerca de 200 mil habitantes, o caminho da moderniza\u00e7\u00e3o digital come\u00e7ou com a interliga\u00e7\u00e3o de 27 pr\u00e9dios da municipalidade por meio de uma rede sem fio WiMesh.<\/p>\n<p style=\"text-align: justify;\">A amplia\u00e7\u00e3o do projeto alcan\u00e7ou os postos e a Secretaria de Sa\u00fade, bem como cinco pra\u00e7as da regi\u00e3o e distritos vizinhos. A rede sem fio de alta velocidade gerou inova\u00e7\u00f5es impens\u00e1veis anteriormente. O munic\u00edpio conta atualmente com uma esp\u00e9cie de telemedicina no sistema de sa\u00fade. \u00ab\u00a0Por meio de um celular com c\u00e2mera, um agente de sa\u00fade pode mandar uma imagem de um paciente para que um m\u00e9dico avalie a situa\u00e7\u00e3o remotamente\u00a0\u00bb, explica o diretor da revenda Jevin, Guilherme Cunha, que implementou o projeto na cidade.<\/p>\n<p style=\"text-align: justify;\">Nos \u00faltimos meses, Maca\u00e9 tem implantado o Of\u00edcio Digital. O software desenvolvido pela Secretaria de Ci\u00eancia e Tecnologia \u00e9 utilizado por 395 usu\u00e1rios espalhados por 146 unidades administrativas. O sistema auxilia na cria\u00e7\u00e3o e no envio de documentos oficiais, al\u00e9m de facilitar a recupera\u00e7\u00e3o desses dados.<\/p>\n<p style=\"text-align: justify;\">Mas, as cidades digitais podem chegar ainda mais longe. Em Cingapura, um sistema inteligente de previs\u00e3o de tr\u00e1fego \u00e9 utilizado para priorizar o uso de transporte coletivo e melhorar o tr\u00e2nsito em hor\u00e1rios de pico. Sensores e c\u00e2meras se comunicam com um software que controla a abertura de sem\u00e1foros e facilita a passagem das vias que possuem mais \u00f4nibus e est\u00e3o mais carregadas. Os cidad\u00e3os contam ainda com um bilhete que permite utilizar estacionamentos, trens, \u00f4nibus e taxis. Os dados s\u00e3o gerenciados pelo governo.<\/p>\n<p style=\"text-align: justify;\">Em Malta, um pequeno arquip\u00e9lago no Mediterr\u00e2neo, sensores e softwares ajudam o governo a economizar energia. O pa\u00eds possui diversas fontes energ\u00e9ticas e, de acordo com a demanda, o sistema direciona o consumo para que a prioridade seja dada para as alternativas mais limpas e sustent\u00e1veis. A tecnologia tamb\u00e9m evita apag\u00f5es, usando a intelig\u00eancia digital para evitar cortes repentinos por excesso de carga.<\/p>\n<p style=\"text-align: justify;\"><strong>Um mundo a ser explorado<\/strong><\/p>\n<p style=\"text-align: justify;\">Ambos os projetos t\u00eam o dedo da IBM, que tamb\u00e9m aposta no crescimento desse mercado. No Brasil, a gigante de tecnologia est\u00e1 conversando com v\u00e1rias cidades que ser\u00e3o sedes da Copa do Mundo de futebol de 2014 e que j\u00e1 preveem a necessidade de infraestrutura de banda larga total e controles mais eficientes na administra\u00e7\u00e3o com o fluxo de turistas e o desenvolvimento econ\u00f4mico propiciados pelo evento. \u00ab\u00a0Os problemas atuais das cidades n\u00e3o ser\u00e3o resolvidos sem tecnologia e os prefeitos come\u00e7am a perceber isso\u00a0\u00bb, aponta o diretor de cidades inteligentes na IBM, Pedro Almeida.<\/p>\n<p style=\"text-align: justify;\">Para ele, essa onda abre v\u00e1rias oportunidades para o mercado de tecnologia, que anda desconfiado quanto \u00e0 estagna\u00e7\u00e3o do segmento corporativo. \u00ab\u00a0H\u00e1 espa\u00e7o para a venda de hardware, conex\u00e3o, softwares e servi\u00e7os, exatamente como j\u00e1 ocorreu anteriormente com as empresas\u00a0\u00bb, diz. Para a IBM, a expectativa \u00e9 de um novo boom comercial, embora n\u00e3o se saiba se o comportamento ser\u00e1 id\u00eantico \u00e0 demanda no Bug do mil\u00eanio ou um pouco mais esparso, devido \u00e0 falta de cultura no uso de tecnologias por gestores p\u00fablicos e ao excesso de burocracia que costuma interferir nos neg\u00f3cios com governos.<\/p>\n<p style=\"text-align: justify;\">Se a velocidade das compras \u00e9 desconhecida, por outro lado, h\u00e1 certezas sobre as possibilidades de neg\u00f3cio. \u00ab\u00a0S\u00e3o tecnologias j\u00e1 conhecidas, que est\u00e3o \u00e0 disposi\u00e7\u00e3o e j\u00e1 s\u00e3o testadas e aprovadas\u00a0\u00bb, comenta o diretor de gest\u00e3o p\u00fablica do CPqD, Renato Stucchi. Para ele, a cria\u00e7\u00e3o de cidades inteligentes tende a ser em etapas e pode demorar de 8 a 12 anos, mas h\u00e1 uma vantagem. \u00ab\u00a0Como esse movimento est\u00e1 ocorrendo agora, os munic\u00edpios ser\u00e3o pressionados ao mesmo tempo por todas as ondas de tecnologia que j\u00e1 foram passadas, como sistemas de gest\u00e3o, Internet, celulares e redes sociais\u00a0\u00bb, afirma.<\/p>\n<p style=\"text-align: justify;\">E o futuro \u00e9 imprevis\u00edvel. No come\u00e7o, com infraestrutura de banda larga cabeada ou wireless, esses munic\u00edpios podem mesmo serem enxergados como apenas administra\u00e7\u00f5es digitais. \u00c0 medida que a integra\u00e7\u00e3o aumenta, no entanto, a popula\u00e7\u00e3o come\u00e7a a participar dessa evolu\u00e7\u00e3o e uma cidade digital come\u00e7a a se formar. \u00ab\u00a0A cria\u00e7\u00e3o de novas aplica\u00e7\u00f5es para fornecer servi\u00e7os inovadores come\u00e7a a mudar o perfil para cidades inteligentes e isso levar\u00e1, sem d\u00favida, \u00e0s cidades sustent\u00e1veis\u00a0\u00bb, prev\u00ea o diretor de desenvolvimento de novos neg\u00f3cios da Cisco, Rodrigo Uch\u00f4a. Todo esse desenvolvimento baseado no uso de tecnologia e na esperan\u00e7a que, al\u00e9m de cidades inteligentes, possamos contar com pol\u00edticos inteligentes tamb\u00e9m.<\/p>\n<p style=\"text-align: justify;\">Source: por\u00a0Gilberto Pavoni J. | Especial para CRN Brasil <a href=\"http:\/\/www.resellerweb.com.br\/noticias\/index.asp?cod=68387\">http:\/\/www.resellerweb.com.br\/noticias\/index.asp?cod=68387<\/a><\/p>\n<p style=\"text-align: justify;\">\n","protected":false},"excerpt":{"rendered":"<p>Aos poucos, v\u00e1rios prefeitos est\u00e3o se interessando em usar a TI para melhorar a gest\u00e3o de munic\u00edpios e a presta\u00e7\u00e3o [&hellip;]<\/p>\n","protected":false},"author":3,"featured_media":3077,"comment_status":"closed","ping_status":"closed","sticky":false,"template":"","format":"standard","meta":{"footnotes":""},"categories":[35],"tags":[],"class_list":["post-3342","post","type-post","status-publish","format-standard","has-post-thumbnail","hentry","category-nouvelles"],"_links":{"self":[{"href":"https:\/\/uclg-digitalcities.org\/fr\/wp-json\/wp\/v2\/posts\/3342","targetHints":{"allow":["GET"]}}],"collection":[{"href":"https:\/\/uclg-digitalcities.org\/fr\/wp-json\/wp\/v2\/posts"}],"about":[{"href":"https:\/\/uclg-digitalcities.org\/fr\/wp-json\/wp\/v2\/types\/post"}],"author":[{"embeddable":true,"href":"https:\/\/uclg-digitalcities.org\/fr\/wp-json\/wp\/v2\/users\/3"}],"replies":[{"embeddable":true,"href":"https:\/\/uclg-digitalcities.org\/fr\/wp-json\/wp\/v2\/comments?post=3342"}],"version-history":[{"count":2,"href":"https:\/\/uclg-digitalcities.org\/fr\/wp-json\/wp\/v2\/posts\/3342\/revisions"}],"predecessor-version":[{"id":3717,"href":"https:\/\/uclg-digitalcities.org\/fr\/wp-json\/wp\/v2\/posts\/3342\/revisions\/3717"}],"wp:featuredmedia":[{"embeddable":true,"href":"https:\/\/uclg-digitalcities.org\/fr\/wp-json\/wp\/v2\/media\/3077"}],"wp:attachment":[{"href":"https:\/\/uclg-digitalcities.org\/fr\/wp-json\/wp\/v2\/media?parent=3342"}],"wp:term":[{"taxonomy":"category","embeddable":true,"href":"https:\/\/uclg-digitalcities.org\/fr\/wp-json\/wp\/v2\/categories?post=3342"},{"taxonomy":"post_tag","embeddable":true,"href":"https:\/\/uclg-digitalcities.org\/fr\/wp-json\/wp\/v2\/tags?post=3342"}],"curies":[{"name":"wp","href":"https:\/\/api.w.org\/{rel}","templated":true}]}}