{"id":3186,"date":"2012-10-30T12:00:00","date_gmt":"2012-10-30T12:00:00","guid":{"rendered":"http:\/\/www.uclg-digitalcities.org\/?p=3186"},"modified":"2015-07-08T12:35:24","modified_gmt":"2015-07-08T12:35:24","slug":"el-ayuntamiento-de-barcelona-impulsa-una-nueva-estrategia-tic-dinamizando-el-uso-del-movil-para-acceder-a-los-servicios-de-la-ciudad","status":"publish","type":"post","link":"https:\/\/uclg-digitalcities.org\/fr\/el-ayuntamiento-de-barcelona-impulsa-una-nueva-estrategia-tic-dinamizando-el-uso-del-movil-para-acceder-a-los-servicios-de-la-ciudad\/","title":{"rendered":"El Ayuntamiento de Barcelona impulsa una nueva estrategia TIC dinamizando el uso del m\u00f3vil para acceder a los servicios de la ciudad"},"content":{"rendered":"<p style=\"text-align: justify;\">Barcelona se quiere convertir en un nuevo referente en la aplicaci\u00f3n de las tecnolog\u00edas m\u00f3viles al servicio de los ciudadanos. En este sentido, y aprovechando el reconocimiento como capital del m\u00f3vil hasta el 2018, el Ayuntamiento quiere impulsar una nueva estrategia TIC para dinamizar la industria del m\u00f3vil e impulsar el uso de las aplicaciones m\u00f3viles para acceder a los servicios de la ciudad y relacionarse con la Administraci\u00f3n.<\/p>\n<p style=\"text-align: justify;\">El objetivo de esta estrategia 2012-2015 es contribuir al futuro econ\u00f3mico y social de la ciudad, posicionando Barcelona como referente mundial en la aplicaci\u00f3n de las TIC a la movilidad, a la administraci\u00f3n electr\u00f3nica y en las ciudades inteligentes. Barcelona quiere convertirse en l\u00edder en este \u00e1mbito contribuyendo as\u00ed a crear un rico tejido empresarial, alrededor de estas tecnolog\u00edas, que genere:<\/p>\n<ul style=\"text-align: justify;\">\n<li>Puestos de trabajo y riqueza<\/li>\n<li>Calidad de vida a los ciudadanos<\/li>\n<li>Una nueva forma de gobierno y gesti\u00f3n de la ciudad, m\u00e1s eficiente y sostenible medioambientalmente<\/li>\n<li>Prestigio y liderazgo de la ciudad a nivel mundial<\/li>\n<\/ul>\n<p style=\"text-align: justify;\">En el campo de la movilidad, el Ayuntamiento se ha marcado como prioridades aprovechar que Barcelona es la capital mundial del m\u00f3vil (MWC) entre 2013 y 2018 como palanca de transformaci\u00f3n de la ciudad y como oportunidad de crecimiento de las empresas para convertirse en referente mundial en tecnolog\u00edas de la movilidad. Y todo ello para mejorar los procesos productivos y para mejorar la calidad de vida de los ciudadanos. Para conseguirlo se ha marcado tres grandes objetivos:<\/p>\n<ul style=\"text-align: justify;\">\n<li>Impulsar el uso de las tecnolog\u00edas m\u00f3viles para acceder a los servicios de ciudad.<\/li>\n<li>Dinamizar la industria del m\u00f3vil en Barcelona<\/li>\n<li>Posicionar Barcelona como referente de la tecnolog\u00eda m\u00f3vil<\/li>\n<\/ul>\n<p style=\"text-align: justify;\"><strong>Barcelona en el m\u00f3vil: Aplicaciones y servicios al alcance del ciudadano<\/strong><\/p>\n<p style=\"text-align: justify;\">Hasta ahora el Ayuntamiento de Barcelona ha desarrollado una larga lista de servicios en el m\u00f3vil con el objetivo de ofrecer un mejor servicio al ciudadano que tendr\u00e1 a su disposici\u00f3n: Aplicaciones, Servicios SMS, servicios web, RSS. Estos servicios disponibles para las plataformas iPhone y Android permiten acceder a todo tipo de informaci\u00f3n y realizar tr\u00e1mites como: solicitar volante residencia, consultar puntos WIFI, u otros que faciliten la relaci\u00f3n entre la administraci\u00f3n y el ciudadano.<\/p>\n<p style=\"text-align: justify;\">En total, se han registrado 316.328 descargas de aplicaciones m\u00f3viles hasta principios de junio, de las cuales un 67%, 213.660 han sido para iPhone. Los productos m\u00e1s demandados, tambi\u00e9n los que llevan m\u00e1s tiempo que est\u00e1n disponibles, han sido los servicios de Bicing, Tr\u00e1fico y TMB Virtual.<\/p>\n<p style=\"text-align: justify;\">\n<p style=\"text-align: justify;\">Hasta ahora, ya se han desarrollado veinte aplicaciones, muchas de ellas relacionadas con temas de movilidad, Administraci\u00f3n electr\u00f3nica y cultura, como \u00ab\u00a0Barcelona al m\u00f3vil\u00a0\u00bb, Bicing, \u00ab\u00a0Tr\u00e0nsit\u00a0\u00bb, \u00ab\u00a0Prop d\u00b4aqu\u00ed \u00ab\u00a0, TMB Virtual o las nuevas aplicaciones para el Grec 2012 y la verbena de San Juan de este a\u00f1o. Adem\u00e1s, los pr\u00f3ximos meses estar\u00e1n disponibles siete nuevas aplicaciones, como el pago de la zona verde y zona azul para los no residentes, el \u00ab\u00a0BCN Joves\u00a0\u00bb, la \u00ab\u00a0Guia del Paisatge Urb\u00e0\u00a0\u00bb o la \u00ab\u00a0BCN Mem\u00f2ria Hist\u00f2rica\u00a0\u00bb.<\/p>\n<p style=\"text-align: justify;\">Seg\u00fan el teniente de alcalde de H\u00e1bitat Urbano, Antoni Vives, \u00ab\u00a0lo que interesa es vincular el desarrollo de aplicaciones que tengan relaci\u00f3n con nuestra idea de lo que tiene que ser la ciudad\u00a0\u00bb.<\/p>\n<p style=\"text-align: justify;\">Vives ha asegurado que esta \u00ab\u00a0comunidad viva\u00a0\u00bb permitir\u00e1 generar \u00ab\u00a0una nueva econom\u00eda y una nueva manera de entender el servicio p\u00fablico\u00a0\u00bb.<\/p>\n<p style=\"text-align: justify;\"><strong>Marat\u00f3n de programadores<\/strong><\/p>\n<p style=\"text-align: justify;\">Uno de los ejemplos de la nueva estrategia, aparte de los concursos como el Apps 4 bcn son las maratones como la \u00ab\u00a0BCN Apps Jam: \u00a1Recicla!\u00a0\u00bb, una jornada de ocho horas en la que cuarenta programadores tendr\u00e1n que desarrollar un prototipo m\u00f3vil para promover el reciclaje.<\/p>\n<p style=\"text-align: justify;\">Para el director de Administraci\u00f3n Electr\u00f3nica, Sergio Jerez, esta iniciativa incluye dos objetivos fundamentales: por una parte, desarrollar la industria del m\u00f3vil, y por otra, crear soluciones de servicio p\u00fablico, en este caso del campo del medio ambiente y el reciclaje.<\/p>\n<p style=\"text-align: justify;\">La marat\u00f3n invita a crear una aplicaci\u00f3n para informar y acompa\u00f1ar a los ciudadanos en el buen reciclaje, e incluye dos premios de 5.000 y 3.000 euros, para las mejores ideas.<\/p>\n<p style=\"text-align: justify;\"><a href=\"http:\/\/www.esmartcity.es\/noticiasDetalle.aspx?id=5332&amp;c=6&amp;idm=10&amp;pat=10\" target=\"_blank\">Fuente<\/a><\/p>\n","protected":false},"excerpt":{"rendered":"<p>Barcelona se quiere convertir en un nuevo referente en la aplicaci\u00f3n de las tecnolog\u00edas m\u00f3viles al servicio de los ciudadanos. [&hellip;]<\/p>\n","protected":false},"author":3,"featured_media":2921,"comment_status":"closed","ping_status":"closed","sticky":false,"template":"","format":"standard","meta":{"footnotes":""},"categories":[35],"tags":[],"class_list":["post-3186","post","type-post","status-publish","format-standard","has-post-thumbnail","hentry","category-nouvelles"],"_links":{"self":[{"href":"https:\/\/uclg-digitalcities.org\/fr\/wp-json\/wp\/v2\/posts\/3186","targetHints":{"allow":["GET"]}}],"collection":[{"href":"https:\/\/uclg-digitalcities.org\/fr\/wp-json\/wp\/v2\/posts"}],"about":[{"href":"https:\/\/uclg-digitalcities.org\/fr\/wp-json\/wp\/v2\/types\/post"}],"author":[{"embeddable":true,"href":"https:\/\/uclg-digitalcities.org\/fr\/wp-json\/wp\/v2\/users\/3"}],"replies":[{"embeddable":true,"href":"https:\/\/uclg-digitalcities.org\/fr\/wp-json\/wp\/v2\/comments?post=3186"}],"version-history":[{"count":2,"href":"https:\/\/uclg-digitalcities.org\/fr\/wp-json\/wp\/v2\/posts\/3186\/revisions"}],"predecessor-version":[{"id":3639,"href":"https:\/\/uclg-digitalcities.org\/fr\/wp-json\/wp\/v2\/posts\/3186\/revisions\/3639"}],"wp:featuredmedia":[{"embeddable":true,"href":"https:\/\/uclg-digitalcities.org\/fr\/wp-json\/wp\/v2\/media\/2921"}],"wp:attachment":[{"href":"https:\/\/uclg-digitalcities.org\/fr\/wp-json\/wp\/v2\/media?parent=3186"}],"wp:term":[{"taxonomy":"category","embeddable":true,"href":"https:\/\/uclg-digitalcities.org\/fr\/wp-json\/wp\/v2\/categories?post=3186"},{"taxonomy":"post_tag","embeddable":true,"href":"https:\/\/uclg-digitalcities.org\/fr\/wp-json\/wp\/v2\/tags?post=3186"}],"curies":[{"name":"wp","href":"https:\/\/api.w.org\/{rel}","templated":true}]}}