{"id":3180,"date":"2012-12-04T12:00:00","date_gmt":"2012-12-04T12:00:00","guid":{"rendered":"http:\/\/www.uclg-digitalcities.org\/?p=3180"},"modified":"2015-07-08T12:35:14","modified_gmt":"2015-07-08T12:35:14","slug":"300-dirigeants-locaux-et-regionaux-a-dakar-pour-contribuer-a-lagenda-international-du-developpement-et-preparer-le-nouvel-agenda-urbain","status":"publish","type":"post","link":"https:\/\/uclg-digitalcities.org\/fr\/300-dirigeants-locaux-et-regionaux-a-dakar-pour-contribuer-a-lagenda-international-du-developpement-et-preparer-le-nouvel-agenda-urbain\/","title":{"rendered":"300 dirigeants locaux et r\u00e9gionaux \u00e0 Dakar pour contribuer \u00e0 l\u00b4agenda international du d\u00e9veloppement et pr\u00e9parer le nouvel agenda urbain"},"content":{"rendered":"<p style=\"text-align: justify;\">Plus de 300 membres de CGLU en provenance de 40 pays du monde entier sont attendus au\u00a0<a href=\"http:\/\/www.uclg.org\/dakar2012\/\" target=\"_blank\">Conseil Mondial de CGLU<\/a>, qui se tient \u00e0 Dakar (S\u00e9n\u00e9gal) du 4 au 6 d\u00e9cembre 2012, \u00e0 l\u00b4aimable invitation de Khalifa Sall, Maire de Dakar.<\/p>\n<p style=\"text-align: justify;\"><strong>Kadir Topba<\/strong><strong>\u015f<\/strong>, Maire d\u00b4Istanbul (Turquie) et Pr\u00e9sident de CGLU,\u00a0<strong>Muchadeyi Masunda<\/strong>, Maire de Harare (Zimbabwe),\u00a0<strong>Ilsur Metshin<\/strong>, Maire de Kazan (Russie) et Co-Pr\u00e9sidents de CGLU, pr\u00e9sideront les r\u00e9unions du Bureau Ex\u00e9cutif et du Conseil Mondial de CGLU.\u00a0De nombreux repr\u00e9sentants des cinq continents, et particuli\u00e8rement d\u00b4Afrique, seront pr\u00e9sents parmis lesquels\u00a0<strong>Wolfgang Sch\u00fcster<\/strong>, maire de Stuttgart (Allemagne),<strong>Bertrand\u00a0Delano\u00eb<\/strong>, Maire de Paris (France),<strong>\u00a0Fatallah Oualalou<\/strong>\u00a0maire de Rabat, (Maroc). Les Pr\u00e9sidents des\u00a0Associations nationales de\u00a0gouvernements\u00a0locaux du Canada,\u00a0Cambodge, \u00a0 \u00a0\u00a0Ecosse,\u00a0France, Mauritanie, Mozambique, S\u00e9n\u00e9gal, Su\u00e8de,\u00a0ont \u00e9galement confirm\u00e9 leur pr\u00e9sence.<\/p>\n<p style=\"text-align: justify;\">Les dirigeants locaux et r\u00e9gionaux concentreront leurs travaux sur la\u00a0<strong>pr\u00e9paration \u00e0 l\u00b4agenda Habitat III<\/strong>\u00a0ainsi que la\u00a0<strong>contribution \u00e0 l\u00b4agenda international du d\u00e9veloppement post-2015<\/strong>\u00a0: service de base, \u00e9galit\u00e9, d\u00e9veloppement local. \u00a0La position des gouvernements locaux et r\u00e9gionaux est essentielle \u00e0 la d\u00e9finition d\u00b4un nouvel agenda urbain. Deux sessions pl\u00e9ni\u00e8res se tiendront sur ces sujets, avec la participation des partenaires de CGLU, incluant\u00a0<strong>Joan Clos<\/strong>, Directeur d\u00b4Ex\u00e9cutif d\u00b4ONU-Habitat, des repr\u00e9sentants de la Banque Mondiale, de Cities Alliance et de la Commission Europ\u00e9enne.\u00a0Les Commissions et Groupes de Travail de CGLU se r\u00e9uniront les 4 et 5 d\u00e9cembre.<\/p>\n<p style=\"text-align: justify;\">L\u00b4\u00e9v\u00e8nement est organis\u00e9 parall\u00e8lement au\u00a0<a href=\"http:\/\/www.africites.org\/\" target=\"_blank\">Sommet Africit\u00e9s<\/a>, qui se tient du 4 au 8 d\u00e9cembre, accueillant pr\u00e8s de 5000 participants et qui aura pour th\u00e8me : \u00ab\u00a0<strong>Construire l\u00b4Afrique \u00e0 partir de ses territoires : quels d\u00e9fis pour les collectivit\u00e9s territoriales?<\/strong>\u00ab\u00a0<\/p>\n<p style=\"text-align: justify;\">Le premier\u00a0<a href=\"http:\/\/www.uclg.org\/en\/events\/dakar-2012-world-council\/world-forum-regions\" target=\"_blank\">Forum Mondial des R\u00e9gions<\/a>\u00a0se tiendra le 4 d\u00e9cembre,\u00a0organis\u00e9 conjointement par Cit\u00e9s et Gouvernements Locaux Unis (CGLU) et l\u00b4<a href=\"http:\/\/www.regionsunies-fogar.org\/\" target=\"_blank\"><strong>Organisation des R\u00e9gions Unies- FOGAR (ORU-FOGAR)<\/strong><\/a>, rassemblera des repr\u00e9sentants d\u00b4autorit\u00e9s r\u00e9gionales issus du monde entier.\u00a0Ce Forum Mondial des R\u00e9gions \u00e0 Dakar r\u00e9unira des pr\u00e9sidents de r\u00e9gions, des \u00e9lus locaux et leurs partenaires et sera l\u00b4occasion in\u00e9dite d\u00b4\u00e9changer entre \u00e9lus et de d\u00e9finir u<strong>ne feuille de route commune pour peser au mieux dans l\u00b4agenda international \u00e0 venir<\/strong>, notamment dans la pr\u00e9paration d\u00b4Habitat III et dans le processus de n\u00e9gociation des Objectifs du Mill\u00e9naire pour le D\u00e9veloppement Post 2015 et les futurs Objectifs de D\u00e9veloppement Durable.<\/p>\n","protected":false},"excerpt":{"rendered":"<p>Plus de 300 membres de CGLU en provenance de 40 pays du monde entier sont attendus au\u00a0Conseil Mondial de CGLU, [&hellip;]<\/p>\n","protected":false},"author":3,"featured_media":2915,"comment_status":"closed","ping_status":"closed","sticky":false,"template":"","format":"standard","meta":{"footnotes":""},"categories":[35],"tags":[],"class_list":["post-3180","post","type-post","status-publish","format-standard","has-post-thumbnail","hentry","category-nouvelles"],"_links":{"self":[{"href":"https:\/\/uclg-digitalcities.org\/fr\/wp-json\/wp\/v2\/posts\/3180","targetHints":{"allow":["GET"]}}],"collection":[{"href":"https:\/\/uclg-digitalcities.org\/fr\/wp-json\/wp\/v2\/posts"}],"about":[{"href":"https:\/\/uclg-digitalcities.org\/fr\/wp-json\/wp\/v2\/types\/post"}],"author":[{"embeddable":true,"href":"https:\/\/uclg-digitalcities.org\/fr\/wp-json\/wp\/v2\/users\/3"}],"replies":[{"embeddable":true,"href":"https:\/\/uclg-digitalcities.org\/fr\/wp-json\/wp\/v2\/comments?post=3180"}],"version-history":[{"count":2,"href":"https:\/\/uclg-digitalcities.org\/fr\/wp-json\/wp\/v2\/posts\/3180\/revisions"}],"predecessor-version":[{"id":3636,"href":"https:\/\/uclg-digitalcities.org\/fr\/wp-json\/wp\/v2\/posts\/3180\/revisions\/3636"}],"wp:featuredmedia":[{"embeddable":true,"href":"https:\/\/uclg-digitalcities.org\/fr\/wp-json\/wp\/v2\/media\/2915"}],"wp:attachment":[{"href":"https:\/\/uclg-digitalcities.org\/fr\/wp-json\/wp\/v2\/media?parent=3180"}],"wp:term":[{"taxonomy":"category","embeddable":true,"href":"https:\/\/uclg-digitalcities.org\/fr\/wp-json\/wp\/v2\/categories?post=3180"},{"taxonomy":"post_tag","embeddable":true,"href":"https:\/\/uclg-digitalcities.org\/fr\/wp-json\/wp\/v2\/tags?post=3180"}],"curies":[{"name":"wp","href":"https:\/\/api.w.org\/{rel}","templated":true}]}}